[{"@context":"https:\/\/schema.org\/","@type":"Article","@id":"https:\/\/www.zetron.cz\/75-let-od-vyhlazeni-obce-lidice\/#Article","mainEntityOfPage":"https:\/\/www.zetron.cz\/75-let-od-vyhlazeni-obce-lidice\/","headline":"75 let od vyhlazen\u00ed obce Lidice","name":"75 let od vyhlazen\u00ed obce Lidice","description":"Jedn\u00e1 se o obec ve St\u0159edo\u010desk\u00e9m kraji, kter\u00e1 byla v roce 1942 doslova srovn\u00e1na se zem\u00ed nacisty. Po v\u00e1lce se v obci z\u0159\u00eddil pam\u00e1tn\u00edk ob\u011btem, kter\u00e9 p\u0159ipom\u00ednaj\u00ed tuhle trag\u00e9dii. Obec byla pot\u00e9 obnovena o n\u011bkolik metr\u016f d\u00e1le. V d\u00e1vn\u00fdch dob\u00e1ch se jednalo o vesni\u010dku, jej\u00ed\u017e v\u00fdznamnou pam\u00e1tkou byl barokn\u00ed kostel. \u017dilo zde okolo 500 obyvatel &hellip;","datePublished":"2020-09-22","dateModified":"2023-05-16","author":{"@type":"Person","@id":"https:\/\/www.zetron.cz\/author\/#Person","name":"","url":"https:\/\/www.zetron.cz\/author\/","identifier":1,"image":{"@type":"ImageObject","@id":"https:\/\/secure.gravatar.com\/avatar\/093836c6bc976bea6a4c3cd39f9136c261430c33201aa865249fef2be34e3fdb?s=96&d=mm&r=g","url":"https:\/\/secure.gravatar.com\/avatar\/093836c6bc976bea6a4c3cd39f9136c261430c33201aa865249fef2be34e3fdb?s=96&d=mm&r=g","height":96,"width":96}},"publisher":{"@type":"Organization","name":"zetron.cz","logo":{"@type":"ImageObject","@id":"\/logo.png","url":"\/logo.png","width":600,"height":60}},"image":{"@type":"ImageObject","@id":"https:\/\/www.zetron.cz\/wp-content\/uploads\/img_a299121_w2175_t1509175400.jpg","url":"https:\/\/www.zetron.cz\/wp-content\/uploads\/img_a299121_w2175_t1509175400.jpg","height":0,"width":0},"url":"https:\/\/www.zetron.cz\/75-let-od-vyhlazeni-obce-lidice\/","about":["\u017dena"],"wordCount":387,"articleBody":"Jedn\u00e1 se o obec ve St\u0159edo\u010desk\u00e9m kraji, kter\u00e1 byla v roce 1942 doslova srovn\u00e1na se zem\u00ed nacisty. Po v\u00e1lce se v obci z\u0159\u00eddil pam\u00e1tn\u00edk ob\u011btem, kter\u00e9 p\u0159ipom\u00ednaj\u00ed tuhle trag\u00e9dii. Obec byla pot\u00e9 obnovena o n\u011bkolik metr\u016f d\u00e1le.V d\u00e1vn\u00fdch dob\u00e1ch se jednalo o vesni\u010dku, jej\u00ed\u017e v\u00fdznamnou pam\u00e1tkou byl barokn\u00ed kostel. \u017dilo zde okolo 500 obyvatel a mnoho lid\u00ed pracovalo jako obuvn\u00edci, roln\u00edci, kov\u00e1\u0159i apod.Po atent\u00e1tu bylo se zem\u00ed srovn\u00e1no 104 dom\u016f a obyvatelstvo bylo popraveno nebo um\u00edralo v koncentra\u010dn\u00edch t\u00e1borech.D\u016fvodem vyhlazen\u00ed bylo to, \u017ee si N\u011bmci mysleli, \u017ee jeden z lidick\u00fdch obyvatel m\u00e1 n\u011bco spole\u010dn\u00e9ho s atent\u00e1tem. Uznali tak po p\u0159e\u010dten\u00ed n\u00e1hodn\u00e9ho dopisu, kter\u00fd pos\u00edlal adres\u00e1t Milan sv\u00e9 mil\u00e9 Ani\u010dce. I p\u0159esto, \u017ee se p\u0159i domovn\u00edch prohl\u00eddk\u00e1ch nena\u0161ly \u017e\u00e1dn\u00e9 d\u016fkazy, byly Lidice vyhlazeny.Vyhlazen\u00ed Lidic nechalo ve sv\u011bt\u011b opravdu velkou odezvu. Dokonce existuje i film pr\u00e1v\u011b o Lidic\u00edch. Samoz\u0159ejm\u011b p\u0159\u00edpad nez\u016fstal bez politick\u00e9 odezvy a mnichovsk\u00e1 dohoda se stala neplatnou.Po druh\u00e9 sv\u011btov\u00e9 v\u00e1lce byla obec znovu obnoven\u00e1, a jak ji\u017e v\u00edme, byla postaven\u00e1 o n\u011bkolik metr\u016f d\u00e1le. Lidice jsou pova\u017eov\u00e1ny za symbol boje proti n\u011bmeck\u00e9mu nacismu. \u00dazem\u00ed star\u00e9ho Lidick\u00e9ho m\u011bsta je pova\u017eov\u00e1no za n\u00e1rodn\u00ed kulturn\u00ed pam\u00e1tku a m\u016f\u017eete zde nav\u0161t\u00edvit muzeum, kter\u00e9 je mo\u017en\u00e9 nav\u0161t\u00edvit po cel\u00fd rok.V leto\u0161n\u00edm roce se konalo 75 let od zni\u010den\u00ed obce a 70 let od jej\u00edho obnoven\u00ed. R\u00e1no se konala m\u0161e, kter\u00e1 byla v m\u00edst\u011b, kde st\u00e1l ji\u017e zmi\u0148ovan\u00fd barokn\u00ed kostel, kter\u00fd byl zasv\u011bcen\u00fdsv. Martinovi. Program pokra\u010doval p\u0159ehl\u00eddkou d\u011btsk\u00fdch sbor\u016f, zvan\u00fdch Sv\u011btlo za Lidice.Pokud byste se cht\u011bli n\u011bkdy jet pod\u00edvat, jak takov\u00fd vzpom\u00ednkov\u00fd program vypad\u00e1, ur\u010dit\u011b m\u00e1te mo\u017enost. D\u011btsk\u00e9 sbory kr\u00e1sn\u011b zp\u00edvaj\u00ed a v\u0161echno vypad\u00e1 opravdu kr\u00e1sn\u011b.Pokud byste se cht\u011bli dozv\u011bd\u011bt v\u00edce, zkuste nav\u0161t\u00edvit .                                                                                                                                                                                                                                                                                                                                                                                        3.9\/5 - (9 votes)        "},{"@context":"https:\/\/schema.org\/","@type":"BreadcrumbList","itemListElement":[{"@type":"ListItem","position":1,"name":"75 let od vyhlazen\u00ed obce Lidice","item":"https:\/\/www.zetron.cz\/75-let-od-vyhlazeni-obce-lidice\/#breadcrumbitem"}]}]